{"id":1272,"date":"2024-05-24T22:34:04","date_gmt":"2024-05-24T22:34:04","guid":{"rendered":"https:\/\/portugaldc.pt\/?p=1272"},"modified":"2024-07-17T23:08:31","modified_gmt":"2024-07-17T23:08:31","slug":"closerstill-media-joins-portugaldc-as-media-partner-milestone-celebrated-in-lisbon","status":"publish","type":"post","link":"https:\/\/portugaldc.pt\/en\/closerstill-media-joins-portugaldc-as-media-partner-milestone-celebrated-in-lisbon\/","title":{"rendered":"CloserStill Media Joins PortugalDC as Media Partner: Milestone Celebrated in Lisbon"},"content":{"rendered":"<div class=\"wpb-content-wrapper\"><p>[vc_row css_animation=&#8221;&#8221; row_type=&#8221;row&#8221; use_row_as_full_screen_section=&#8221;no&#8221; type=&#8221;full_width&#8221; angled_section=&#8221;no&#8221; text_align=&#8221;left&#8221; background_image_as_pattern=&#8221;without_pattern&#8221; z_index=&#8221;&#8221; padding_top=&#8221;40&#8243; padding_bottom=&#8221;80&#8243;][vc_column][vc_single_image image=&#8221;1274&#8243; img_size=&#8221;full&#8221; qode_css_animation=&#8221;&#8221;][vc_empty_space][vc_column_text]<span style=\"font-weight: 400;\">CloserStill Media has officially joined PortugalDC as a media partner. This strategic partnership was celebrated with a business lunch in Lisbon, attended by a wide array of PortugalDC associates, as well as CloserStill Media&#8217;s Managing Director for Spain, Agust\u00edn Torres, and PortugalDC&#8217;s president Lu\u00eds Duarte and vice-presidents Rita Louren\u00e7o and Carlos Paulino.<\/span><\/p>\n<p><span style=\"font-weight: 400;\">The event not only marked the formalization of this collaboration but also provided a platform for industry leaders to assess and discuss the current state of the data center sector in Portugal.<\/span><\/p>\n<p><span style=\"font-weight: 400;\">Throughout the lunch, attendees engaged in in-depth discussions, evaluating industry trends, challenges, and opportunities within the data center space. The partnership between CloserStill Media and PortugalDC is anticipated to bring fresh perspectives and enhance the visibility and reach of data center-related content within the region.<\/span><\/p>\n<p><span style=\"font-weight: 400;\">Luis Duarte highlighted the importance of this partnership, noting that CloserStill Media&#8217;s expertise and global reach would significantly contribute to the growth and development of the data center sector in Portugal. Agust\u00edn Torres expressed enthusiasm about the collaboration, emphasizing the potential for innovative projects and initiatives that this partnership could yield.<\/span><\/p>\n<p><span style=\"font-weight: 400;\">Portugal&#8217;s data center industry has been rapidly evolving, driven by increasing demand for digital infrastructure, cloud services, and data storage solutions. The country&#8217;s strategic location, favorable climate, and growing investment in renewable energy make it an attractive destination for data center development. The partnership between CloserStill Media and PortugalDC aims to leverage these strengths, fostering a robust and dynamic data center ecosystem.<\/span><\/p>\n<p><span style=\"font-weight: 400;\">The celebration at Eleven restaurant not only marked a milestone in the partnership but also reinforced the commitment of both CloserStill Media and PortugalDC to driving progress and excellence within the data center industry.<\/span>[\/vc_column_text][\/vc_column][\/vc_row]<\/p>\n<\/div>","protected":false},"excerpt":{"rendered":"<p>[vc_row css_animation=&#8221;&#8221; row_type=&#8221;row&#8221; use_row_as_full_screen_section=&#8221;no&#8221; type=&#8221;full_width&#8221; angled_section=&#8221;no&#8221; text_align=&#8221;left&#8221; background_image_as_pattern=&#8221;without_pattern&#8221; z_index=&#8221;&#8221; padding_top=&#8221;40&#8243; padding_bottom=&#8221;80&#8243;][vc_column][vc_single_image image=&#8221;1274&#8243; img_size=&#8221;full&#8221; qode_css_animation=&#8221;&#8221;][vc_empty_space][vc_column_text]CloserStill Media has officially joined PortugalDC as a media partner. This strategic partnership was celebrated with a business lunch in Lisbon, attended by a wide array of PortugalDC associates, as well as&#8230;<\/p>\n","protected":false},"author":1,"featured_media":1307,"comment_status":"open","ping_status":"open","sticky":false,"template":"","format":"standard","meta":{"footnotes":""},"categories":[1],"tags":[],"class_list":["post-1272","post","type-post","status-publish","format-standard","has-post-thumbnail","hentry","category-portugaldc"],"yoast_head":"<!-- This site is optimized with the Yoast SEO plugin v27.5 - https:\/\/yoast.com\/product\/yoast-seo-wordpress\/ -->\n<title>CloserStill Media Joins PortugalDC as Media Partner: Milestone Celebrated in Lisbon - Associa\u00e7\u00e3o Portuguesa de Centros de Dados<\/title>\n<meta name=\"robots\" content=\"index, follow, max-snippet:-1, max-image-preview:large, max-video-preview:-1\" \/>\n<link rel=\"canonical\" href=\"https:\/\/portugaldc.pt\/en\/closerstill-media-joins-portugaldc-as-media-partner-milestone-celebrated-in-lisbon\/\" \/>\n<meta property=\"og:locale\" content=\"en_US\" \/>\n<meta property=\"og:type\" content=\"article\" \/>\n<meta property=\"og:title\" content=\"CloserStill Media Joins PortugalDC as Media Partner: Milestone Celebrated in Lisbon - Associa\u00e7\u00e3o Portuguesa de Centros de Dados\" \/>\n<meta property=\"og:description\" content=\"[vc_row css_animation=&#8221;&#8221; row_type=&#8221;row&#8221; use_row_as_full_screen_section=&#8221;no&#8221; type=&#8221;full_width&#8221; angled_section=&#8221;no&#8221; text_align=&#8221;left&#8221; background_image_as_pattern=&#8221;without_pattern&#8221; z_index=&#8221;&#8221; padding_top=&#8221;40&#8243; padding_bottom=&#8221;80&#8243;][vc_column][vc_single_image image=&#8221;1274&#8243; img_size=&#8221;full&#8221; qode_css_animation=&#8221;&#8221;][vc_empty_space][vc_column_text]CloserStill Media has officially joined PortugalDC as a media partner. This strategic partnership was celebrated with a business lunch in Lisbon, attended by a wide array of PortugalDC associates, as well as...\" \/>\n<meta property=\"og:url\" content=\"https:\/\/portugaldc.pt\/en\/closerstill-media-joins-portugaldc-as-media-partner-milestone-celebrated-in-lisbon\/\" \/>\n<meta property=\"og:site_name\" content=\"Associa\u00e7\u00e3o Portuguesa de Centros de Dados\" \/>\n<meta property=\"article:published_time\" content=\"2024-05-24T22:34:04+00:00\" \/>\n<meta property=\"article:modified_time\" content=\"2024-07-17T23:08:31+00:00\" \/>\n<meta property=\"og:image\" content=\"https:\/\/portugaldc.pt\/wp-content\/uploads\/2024\/07\/noticiatitle2.jpg\" \/>\n\t<meta property=\"og:image:width\" content=\"500\" \/>\n\t<meta property=\"og:image:height\" content=\"375\" \/>\n\t<meta property=\"og:image:type\" content=\"image\/jpeg\" \/>\n<meta name=\"author\" content=\"admportugaldc\" \/>\n<meta name=\"twitter:card\" content=\"summary_large_image\" \/>\n<meta name=\"twitter:label1\" content=\"Written by\" \/>\n\t<meta name=\"twitter:data1\" content=\"admportugaldc\" \/>\n\t<meta name=\"twitter:label2\" content=\"Est. reading time\" \/>\n\t<meta name=\"twitter:data2\" content=\"3 minutes\" \/>\n<script type=\"application\/ld+json\" class=\"yoast-schema-graph\">{\"@context\":\"https:\\\/\\\/schema.org\",\"@graph\":[{\"@type\":\"Article\",\"@id\":\"https:\\\/\\\/portugaldc.pt\\\/en\\\/closerstill-media-joins-portugaldc-as-media-partner-milestone-celebrated-in-lisbon\\\/#article\",\"isPartOf\":{\"@id\":\"https:\\\/\\\/portugaldc.pt\\\/en\\\/closerstill-media-joins-portugaldc-as-media-partner-milestone-celebrated-in-lisbon\\\/\"},\"author\":{\"name\":\"admportugaldc\",\"@id\":\"https:\\\/\\\/portugaldc.pt\\\/en\\\/#\\\/schema\\\/person\\\/0a9d24fd3445755f32661586a34220f1\"},\"headline\":\"CloserStill Media Joins PortugalDC as Media Partner: Milestone Celebrated in Lisbon\",\"datePublished\":\"2024-05-24T22:34:04+00:00\",\"dateModified\":\"2024-07-17T23:08:31+00:00\",\"mainEntityOfPage\":{\"@id\":\"https:\\\/\\\/portugaldc.pt\\\/en\\\/closerstill-media-joins-portugaldc-as-media-partner-milestone-celebrated-in-lisbon\\\/\"},\"wordCount\":356,\"commentCount\":0,\"publisher\":{\"@id\":\"https:\\\/\\\/portugaldc.pt\\\/en\\\/#organization\"},\"image\":{\"@id\":\"https:\\\/\\\/portugaldc.pt\\\/en\\\/closerstill-media-joins-portugaldc-as-media-partner-milestone-celebrated-in-lisbon\\\/#primaryimage\"},\"thumbnailUrl\":\"https:\\\/\\\/portugaldc.pt\\\/wp-content\\\/uploads\\\/2024\\\/07\\\/noticiatitle2.jpg\",\"articleSection\":[\"PortugalDC\"],\"inLanguage\":\"en-US\",\"potentialAction\":[{\"@type\":\"CommentAction\",\"name\":\"Comment\",\"target\":[\"https:\\\/\\\/portugaldc.pt\\\/en\\\/closerstill-media-joins-portugaldc-as-media-partner-milestone-celebrated-in-lisbon\\\/#respond\"]}]},{\"@type\":\"WebPage\",\"@id\":\"https:\\\/\\\/portugaldc.pt\\\/en\\\/closerstill-media-joins-portugaldc-as-media-partner-milestone-celebrated-in-lisbon\\\/\",\"url\":\"https:\\\/\\\/portugaldc.pt\\\/en\\\/closerstill-media-joins-portugaldc-as-media-partner-milestone-celebrated-in-lisbon\\\/\",\"name\":\"CloserStill Media Joins PortugalDC as Media Partner: Milestone Celebrated in Lisbon - Associa\u00e7\u00e3o Portuguesa de Centros de Dados\",\"isPartOf\":{\"@id\":\"https:\\\/\\\/portugaldc.pt\\\/en\\\/#website\"},\"primaryImageOfPage\":{\"@id\":\"https:\\\/\\\/portugaldc.pt\\\/en\\\/closerstill-media-joins-portugaldc-as-media-partner-milestone-celebrated-in-lisbon\\\/#primaryimage\"},\"image\":{\"@id\":\"https:\\\/\\\/portugaldc.pt\\\/en\\\/closerstill-media-joins-portugaldc-as-media-partner-milestone-celebrated-in-lisbon\\\/#primaryimage\"},\"thumbnailUrl\":\"https:\\\/\\\/portugaldc.pt\\\/wp-content\\\/uploads\\\/2024\\\/07\\\/noticiatitle2.jpg\",\"datePublished\":\"2024-05-24T22:34:04+00:00\",\"dateModified\":\"2024-07-17T23:08:31+00:00\",\"breadcrumb\":{\"@id\":\"https:\\\/\\\/portugaldc.pt\\\/en\\\/closerstill-media-joins-portugaldc-as-media-partner-milestone-celebrated-in-lisbon\\\/#breadcrumb\"},\"inLanguage\":\"en-US\",\"potentialAction\":[{\"@type\":\"ReadAction\",\"target\":[\"https:\\\/\\\/portugaldc.pt\\\/en\\\/closerstill-media-joins-portugaldc-as-media-partner-milestone-celebrated-in-lisbon\\\/\"]}]},{\"@type\":\"ImageObject\",\"inLanguage\":\"en-US\",\"@id\":\"https:\\\/\\\/portugaldc.pt\\\/en\\\/closerstill-media-joins-portugaldc-as-media-partner-milestone-celebrated-in-lisbon\\\/#primaryimage\",\"url\":\"https:\\\/\\\/portugaldc.pt\\\/wp-content\\\/uploads\\\/2024\\\/07\\\/noticiatitle2.jpg\",\"contentUrl\":\"https:\\\/\\\/portugaldc.pt\\\/wp-content\\\/uploads\\\/2024\\\/07\\\/noticiatitle2.jpg\",\"width\":500,\"height\":375},{\"@type\":\"BreadcrumbList\",\"@id\":\"https:\\\/\\\/portugaldc.pt\\\/en\\\/closerstill-media-joins-portugaldc-as-media-partner-milestone-celebrated-in-lisbon\\\/#breadcrumb\",\"itemListElement\":[{\"@type\":\"ListItem\",\"position\":1,\"name\":\"In\u00edcio\",\"item\":\"https:\\\/\\\/portugaldc.pt\\\/en\\\/home\\\/\"},{\"@type\":\"ListItem\",\"position\":2,\"name\":\"CloserStill Media Joins PortugalDC as Media Partner: Milestone Celebrated in Lisbon\"}]},{\"@type\":\"WebSite\",\"@id\":\"https:\\\/\\\/portugaldc.pt\\\/en\\\/#website\",\"url\":\"https:\\\/\\\/portugaldc.pt\\\/en\\\/\",\"name\":\"ASSOCIA\u00c7\u00c3O PORTUGUESA DE DATA CENTERS\",\"description\":\"\",\"publisher\":{\"@id\":\"https:\\\/\\\/portugaldc.pt\\\/en\\\/#organization\"},\"potentialAction\":[{\"@type\":\"SearchAction\",\"target\":{\"@type\":\"EntryPoint\",\"urlTemplate\":\"https:\\\/\\\/portugaldc.pt\\\/en\\\/?s={search_term_string}\"},\"query-input\":{\"@type\":\"PropertyValueSpecification\",\"valueRequired\":true,\"valueName\":\"search_term_string\"}}],\"inLanguage\":\"en-US\"},{\"@type\":\"Organization\",\"@id\":\"https:\\\/\\\/portugaldc.pt\\\/en\\\/#organization\",\"name\":\"ASSOCIA\u00c7\u00c3O PORTUGUESA DE DATA CENTERS\",\"url\":\"https:\\\/\\\/portugaldc.pt\\\/en\\\/\",\"logo\":{\"@type\":\"ImageObject\",\"inLanguage\":\"en-US\",\"@id\":\"https:\\\/\\\/portugaldc.pt\\\/en\\\/#\\\/schema\\\/logo\\\/image\\\/\",\"url\":\"https:\\\/\\\/portugaldc.pt\\\/wp-content\\\/uploads\\\/2024\\\/01\\\/LogoPTDC.jpg\",\"contentUrl\":\"https:\\\/\\\/portugaldc.pt\\\/wp-content\\\/uploads\\\/2024\\\/01\\\/LogoPTDC.jpg\",\"width\":401,\"height\":104,\"caption\":\"ASSOCIA\u00c7\u00c3O PORTUGUESA DE DATA CENTERS\"},\"image\":{\"@id\":\"https:\\\/\\\/portugaldc.pt\\\/en\\\/#\\\/schema\\\/logo\\\/image\\\/\"},\"sameAs\":[\"https:\\\/\\\/www.linkedin.com\\\/company\\\/portugal-data-centers\\\/\"]},{\"@type\":\"Person\",\"@id\":\"https:\\\/\\\/portugaldc.pt\\\/en\\\/#\\\/schema\\\/person\\\/0a9d24fd3445755f32661586a34220f1\",\"name\":\"admportugaldc\",\"image\":{\"@type\":\"ImageObject\",\"inLanguage\":\"en-US\",\"@id\":\"https:\\\/\\\/secure.gravatar.com\\\/avatar\\\/57752926cb1863ab82d671bcf2ff8480b3fbda7a88e52c8b2ee783fca86defbd?s=96&d=mm&r=g\",\"url\":\"https:\\\/\\\/secure.gravatar.com\\\/avatar\\\/57752926cb1863ab82d671bcf2ff8480b3fbda7a88e52c8b2ee783fca86defbd?s=96&d=mm&r=g\",\"contentUrl\":\"https:\\\/\\\/secure.gravatar.com\\\/avatar\\\/57752926cb1863ab82d671bcf2ff8480b3fbda7a88e52c8b2ee783fca86defbd?s=96&d=mm&r=g\",\"caption\":\"admportugaldc\"},\"sameAs\":[\"https:\\\/\\\/portugaldc.pt\"],\"url\":\"https:\\\/\\\/portugaldc.pt\\\/en\\\/author\\\/admportugaldc\\\/\"}]}<\/script>\n<!-- \/ Yoast SEO plugin. -->","yoast_head_json":{"title":"CloserStill Media Joins PortugalDC as Media Partner: Milestone Celebrated in Lisbon - Associa\u00e7\u00e3o Portuguesa de Centros de Dados","robots":{"index":"index","follow":"follow","max-snippet":"max-snippet:-1","max-image-preview":"max-image-preview:large","max-video-preview":"max-video-preview:-1"},"canonical":"https:\/\/portugaldc.pt\/en\/closerstill-media-joins-portugaldc-as-media-partner-milestone-celebrated-in-lisbon\/","og_locale":"en_US","og_type":"article","og_title":"CloserStill Media Joins PortugalDC as Media Partner: Milestone Celebrated in Lisbon - Associa\u00e7\u00e3o Portuguesa de Centros de Dados","og_description":"[vc_row css_animation=&#8221;&#8221; row_type=&#8221;row&#8221; use_row_as_full_screen_section=&#8221;no&#8221; type=&#8221;full_width&#8221; angled_section=&#8221;no&#8221; text_align=&#8221;left&#8221; background_image_as_pattern=&#8221;without_pattern&#8221; z_index=&#8221;&#8221; padding_top=&#8221;40&#8243; padding_bottom=&#8221;80&#8243;][vc_column][vc_single_image image=&#8221;1274&#8243; img_size=&#8221;full&#8221; qode_css_animation=&#8221;&#8221;][vc_empty_space][vc_column_text]CloserStill Media has officially joined PortugalDC as a media partner. This strategic partnership was celebrated with a business lunch in Lisbon, attended by a wide array of PortugalDC associates, as well as...","og_url":"https:\/\/portugaldc.pt\/en\/closerstill-media-joins-portugaldc-as-media-partner-milestone-celebrated-in-lisbon\/","og_site_name":"Associa\u00e7\u00e3o Portuguesa de Centros de Dados","article_published_time":"2024-05-24T22:34:04+00:00","article_modified_time":"2024-07-17T23:08:31+00:00","og_image":[{"width":500,"height":375,"url":"https:\/\/portugaldc.pt\/wp-content\/uploads\/2024\/07\/noticiatitle2.jpg","type":"image\/jpeg"}],"author":"admportugaldc","twitter_card":"summary_large_image","twitter_misc":{"Written by":"admportugaldc","Est. reading time":"3 minutes"},"schema":{"@context":"https:\/\/schema.org","@graph":[{"@type":"Article","@id":"https:\/\/portugaldc.pt\/en\/closerstill-media-joins-portugaldc-as-media-partner-milestone-celebrated-in-lisbon\/#article","isPartOf":{"@id":"https:\/\/portugaldc.pt\/en\/closerstill-media-joins-portugaldc-as-media-partner-milestone-celebrated-in-lisbon\/"},"author":{"name":"admportugaldc","@id":"https:\/\/portugaldc.pt\/en\/#\/schema\/person\/0a9d24fd3445755f32661586a34220f1"},"headline":"CloserStill Media Joins PortugalDC as Media Partner: Milestone Celebrated in Lisbon","datePublished":"2024-05-24T22:34:04+00:00","dateModified":"2024-07-17T23:08:31+00:00","mainEntityOfPage":{"@id":"https:\/\/portugaldc.pt\/en\/closerstill-media-joins-portugaldc-as-media-partner-milestone-celebrated-in-lisbon\/"},"wordCount":356,"commentCount":0,"publisher":{"@id":"https:\/\/portugaldc.pt\/en\/#organization"},"image":{"@id":"https:\/\/portugaldc.pt\/en\/closerstill-media-joins-portugaldc-as-media-partner-milestone-celebrated-in-lisbon\/#primaryimage"},"thumbnailUrl":"https:\/\/portugaldc.pt\/wp-content\/uploads\/2024\/07\/noticiatitle2.jpg","articleSection":["PortugalDC"],"inLanguage":"en-US","potentialAction":[{"@type":"CommentAction","name":"Comment","target":["https:\/\/portugaldc.pt\/en\/closerstill-media-joins-portugaldc-as-media-partner-milestone-celebrated-in-lisbon\/#respond"]}]},{"@type":"WebPage","@id":"https:\/\/portugaldc.pt\/en\/closerstill-media-joins-portugaldc-as-media-partner-milestone-celebrated-in-lisbon\/","url":"https:\/\/portugaldc.pt\/en\/closerstill-media-joins-portugaldc-as-media-partner-milestone-celebrated-in-lisbon\/","name":"CloserStill Media Joins PortugalDC as Media Partner: Milestone Celebrated in Lisbon - Associa\u00e7\u00e3o Portuguesa de Centros de Dados","isPartOf":{"@id":"https:\/\/portugaldc.pt\/en\/#website"},"primaryImageOfPage":{"@id":"https:\/\/portugaldc.pt\/en\/closerstill-media-joins-portugaldc-as-media-partner-milestone-celebrated-in-lisbon\/#primaryimage"},"image":{"@id":"https:\/\/portugaldc.pt\/en\/closerstill-media-joins-portugaldc-as-media-partner-milestone-celebrated-in-lisbon\/#primaryimage"},"thumbnailUrl":"https:\/\/portugaldc.pt\/wp-content\/uploads\/2024\/07\/noticiatitle2.jpg","datePublished":"2024-05-24T22:34:04+00:00","dateModified":"2024-07-17T23:08:31+00:00","breadcrumb":{"@id":"https:\/\/portugaldc.pt\/en\/closerstill-media-joins-portugaldc-as-media-partner-milestone-celebrated-in-lisbon\/#breadcrumb"},"inLanguage":"en-US","potentialAction":[{"@type":"ReadAction","target":["https:\/\/portugaldc.pt\/en\/closerstill-media-joins-portugaldc-as-media-partner-milestone-celebrated-in-lisbon\/"]}]},{"@type":"ImageObject","inLanguage":"en-US","@id":"https:\/\/portugaldc.pt\/en\/closerstill-media-joins-portugaldc-as-media-partner-milestone-celebrated-in-lisbon\/#primaryimage","url":"https:\/\/portugaldc.pt\/wp-content\/uploads\/2024\/07\/noticiatitle2.jpg","contentUrl":"https:\/\/portugaldc.pt\/wp-content\/uploads\/2024\/07\/noticiatitle2.jpg","width":500,"height":375},{"@type":"BreadcrumbList","@id":"https:\/\/portugaldc.pt\/en\/closerstill-media-joins-portugaldc-as-media-partner-milestone-celebrated-in-lisbon\/#breadcrumb","itemListElement":[{"@type":"ListItem","position":1,"name":"In\u00edcio","item":"https:\/\/portugaldc.pt\/en\/home\/"},{"@type":"ListItem","position":2,"name":"CloserStill Media Joins PortugalDC as Media Partner: Milestone Celebrated in Lisbon"}]},{"@type":"WebSite","@id":"https:\/\/portugaldc.pt\/en\/#website","url":"https:\/\/portugaldc.pt\/en\/","name":"ASSOCIA\u00c7\u00c3O PORTUGUESA DE DATA CENTERS","description":"","publisher":{"@id":"https:\/\/portugaldc.pt\/en\/#organization"},"potentialAction":[{"@type":"SearchAction","target":{"@type":"EntryPoint","urlTemplate":"https:\/\/portugaldc.pt\/en\/?s={search_term_string}"},"query-input":{"@type":"PropertyValueSpecification","valueRequired":true,"valueName":"search_term_string"}}],"inLanguage":"en-US"},{"@type":"Organization","@id":"https:\/\/portugaldc.pt\/en\/#organization","name":"ASSOCIA\u00c7\u00c3O PORTUGUESA DE DATA CENTERS","url":"https:\/\/portugaldc.pt\/en\/","logo":{"@type":"ImageObject","inLanguage":"en-US","@id":"https:\/\/portugaldc.pt\/en\/#\/schema\/logo\/image\/","url":"https:\/\/portugaldc.pt\/wp-content\/uploads\/2024\/01\/LogoPTDC.jpg","contentUrl":"https:\/\/portugaldc.pt\/wp-content\/uploads\/2024\/01\/LogoPTDC.jpg","width":401,"height":104,"caption":"ASSOCIA\u00c7\u00c3O PORTUGUESA DE DATA CENTERS"},"image":{"@id":"https:\/\/portugaldc.pt\/en\/#\/schema\/logo\/image\/"},"sameAs":["https:\/\/www.linkedin.com\/company\/portugal-data-centers\/"]},{"@type":"Person","@id":"https:\/\/portugaldc.pt\/en\/#\/schema\/person\/0a9d24fd3445755f32661586a34220f1","name":"admportugaldc","image":{"@type":"ImageObject","inLanguage":"en-US","@id":"https:\/\/secure.gravatar.com\/avatar\/57752926cb1863ab82d671bcf2ff8480b3fbda7a88e52c8b2ee783fca86defbd?s=96&d=mm&r=g","url":"https:\/\/secure.gravatar.com\/avatar\/57752926cb1863ab82d671bcf2ff8480b3fbda7a88e52c8b2ee783fca86defbd?s=96&d=mm&r=g","contentUrl":"https:\/\/secure.gravatar.com\/avatar\/57752926cb1863ab82d671bcf2ff8480b3fbda7a88e52c8b2ee783fca86defbd?s=96&d=mm&r=g","caption":"admportugaldc"},"sameAs":["https:\/\/portugaldc.pt"],"url":"https:\/\/portugaldc.pt\/en\/author\/admportugaldc\/"}]}},"_links":{"self":[{"href":"https:\/\/portugaldc.pt\/en\/wp-json\/wp\/v2\/posts\/1272","targetHints":{"allow":["GET"]}}],"collection":[{"href":"https:\/\/portugaldc.pt\/en\/wp-json\/wp\/v2\/posts"}],"about":[{"href":"https:\/\/portugaldc.pt\/en\/wp-json\/wp\/v2\/types\/post"}],"author":[{"embeddable":true,"href":"https:\/\/portugaldc.pt\/en\/wp-json\/wp\/v2\/users\/1"}],"replies":[{"embeddable":true,"href":"https:\/\/portugaldc.pt\/en\/wp-json\/wp\/v2\/comments?post=1272"}],"version-history":[{"count":3,"href":"https:\/\/portugaldc.pt\/en\/wp-json\/wp\/v2\/posts\/1272\/revisions"}],"predecessor-version":[{"id":1280,"href":"https:\/\/portugaldc.pt\/en\/wp-json\/wp\/v2\/posts\/1272\/revisions\/1280"}],"wp:featuredmedia":[{"embeddable":true,"href":"https:\/\/portugaldc.pt\/en\/wp-json\/wp\/v2\/media\/1307"}],"wp:attachment":[{"href":"https:\/\/portugaldc.pt\/en\/wp-json\/wp\/v2\/media?parent=1272"}],"wp:term":[{"taxonomy":"category","embeddable":true,"href":"https:\/\/portugaldc.pt\/en\/wp-json\/wp\/v2\/categories?post=1272"},{"taxonomy":"post_tag","embeddable":true,"href":"https:\/\/portugaldc.pt\/en\/wp-json\/wp\/v2\/tags?post=1272"}],"curies":[{"name":"wp","href":"https:\/\/api.w.org\/{rel}","templated":true}]}}